{"id":5010,"date":"2020-02-26T14:13:03","date_gmt":"2020-02-26T14:13:03","guid":{"rendered":"https:\/\/electpeterabbarno.com\/exito-de-la-campana-para-elegir-a-peter-abbarno\/"},"modified":"2025-06-02T16:57:52","modified_gmt":"2025-06-02T16:57:52","slug":"exito-de-la-campana-para-elegir-a-peter-abbarno","status":"publish","type":"post","link":"https:\/\/electpeterabbarno.com\/es\/exito-de-la-campana-para-elegir-a-peter-abbarno\/","title":{"rendered":"\u00c9xito de la campa\u00f1a para elegir a Peter Abbarno"},"content":{"rendered":"\n<p>El mi\u00e9rcoles 26 de febrero, el desayuno inaugural para apoyar <a href=\"http:\/\/www.ElectPeterAbbarno.com\">la campa\u00f1a de Peter Abbarno para Representante Estatal<\/a> \u00a1fue un gran \u00e9xito! El fiscal del condado de Lewis, Jonathan Meyer, actu\u00f3 como maestro de ceremonias, la invocaci\u00f3n corri\u00f3 a cargo del pastor de Bethel, Scott Collins, y el juramento a la bandera fue dirigido por Sophia y Antonio Abbarno.   <\/p>\n\n<figure class=\"wp-block-embed-youtube wp-block-embed is-type-video is-provider-youtube wp-embed-aspect-4-3 wp-has-aspect-ratio\"><div class=\"wp-block-embed__wrapper\">\n<iframe loading=\"lazy\" title=\"Rep. Richard DeBolt introducing Peter Abbarno at the 2020 Campaign Kickoff\" width=\"1080\" height=\"810\" src=\"https:\/\/www.youtube.com\/embed\/M1sTQ_PcFwo?feature=oembed\"  allow=\"accelerometer; autoplay; clipboard-write; encrypted-media; gyroscope; picture-in-picture; web-share\" referrerpolicy=\"strict-origin-when-cross-origin\" allowfullscreen><\/iframe>\n<\/div><figcaption>El diputado Richard DeBolt presenta a Peter Abbarno en el inicio de la campa\u00f1a 2020 #ElectPeterAbbarno. M\u00e1s informaci\u00f3n en <a href=\"http:\/\/www.ElectPeterAbbarno.com\">www.ElectPeterAbbarno.com<\/a> <\/figcaption><\/figure>\n\n<blockquote class=\"wp-block-quote is-layout-flow wp-block-quote-is-layout-flow\"><p>Puedo hablar de temas hasta que se me ponga la cara azul y naranja. Esta campa\u00f1a no trata s\u00f3lo de cuestiones, sino de soluciones. Todos tenemos un inter\u00e9s com\u00fan en mejores escuelas para nuestros hijos, m\u00e1s empleos familiares remunerados, mayores libertades y m\u00e1s oportunidades. Como tu representante estatal, me remangar\u00e9 y me pondr\u00e9 a trabajar en soluciones para nuestras familias, nuestras empresas y todo el 20\u00ba Distrito Legislativo.     <\/p><cite>Peter Abbarno, Candidato a Representante Estatal en el 20\u00ba Distrito Legislativo.<\/cite><\/blockquote>\n\n<figure class=\"wp-block-embed-youtube wp-block-embed is-type-video is-provider-youtube wp-embed-aspect-4-3 wp-has-aspect-ratio\"><div class=\"wp-block-embed__wrapper\">\n<iframe loading=\"lazy\" title=\"Peter Abbarno at 2020 Campaign Kickoff\" width=\"1080\" height=\"810\" src=\"https:\/\/www.youtube.com\/embed\/9qlEY2A2Iv8?feature=oembed\"  allow=\"accelerometer; autoplay; clipboard-write; encrypted-media; gyroscope; picture-in-picture; web-share\" referrerpolicy=\"strict-origin-when-cross-origin\" allowfullscreen><\/iframe>\n<\/div><figcaption>Peter Abbarno hablando en el inicio de la campa\u00f1a 2020 #ElectPeterAbbarno. www.ElectPeterAbbarno.com<br\/><\/figcaption><\/figure>\n\n<!--more-->\n\n<p>Simpatizantes, l\u00edderes comunitarios y cargos electos de los condados de Thurston, Lewis, Cowlitz y Clark acudieron al Museo Conmemorativo de los Veteranos de Chehalis para escuchar al l\u00edder republicano de la C\u00e1mara de Representantes, JT Wilcox, al representante estatal Richard DeBolt, a J Vander Stoep y a Peter Abbarno.<\/p>\n\n<figure class=\"wp-block-embed-youtube wp-block-embed is-type-video is-provider-youtube wp-embed-aspect-4-3 wp-has-aspect-ratio\"><div class=\"wp-block-embed__wrapper\">\n<iframe loading=\"lazy\" title=\"Rep. JT Wilcox speaking at Peter Abbarno&#039;s 2020 Campaign Kickoff\" width=\"1080\" height=\"810\" src=\"https:\/\/www.youtube.com\/embed\/wNJSbdTKPCI?start=5&#038;feature=oembed\"  allow=\"accelerometer; autoplay; clipboard-write; encrypted-media; gyroscope; picture-in-picture; web-share\" referrerpolicy=\"strict-origin-when-cross-origin\" allowfullscreen><\/iframe>\n<\/div><figcaption>El l\u00edder republicano de la C\u00e1mara de Representantes, JT Wilcox, habla en el inicio de la campa\u00f1a #ElectPeterAbbarno y presenta al representante estatal Richard DeBolt. www.ElectPeterAbbarno.com<\/figcaption><\/figure>\n\n<blockquote class=\"wp-block-quote is-style-default is-layout-flow wp-block-quote-is-layout-flow\"><p>  Como tu representante estatal, me centrar\u00e9 en hacer que el gobierno rinda cuentas a las familias trabajadoras, a las peque\u00f1as empresas y a los contribuyentes como nosotros; en hacer comunidades asequibles que ofrezcan oportunidades para todos; en hacer que las calles sean m\u00e1s seguras para las personas y los propietarios de empresas -y m\u00e1s seguras para nuestras fuerzas del orden y los primeros intervinientes-; y en preservar nuestra historia, tradici\u00f3n y libertades aqu\u00ed, en el suroeste de Washington.<\/p><cite>Peter Abbarno, Candidato a Representante Estatal en el 20\u00ba Distrito Legislativo.  <\/cite><\/blockquote>\n\n<figure class=\"wp-block-embed-youtube wp-block-embed is-type-video is-provider-youtube wp-embed-aspect-4-3 wp-has-aspect-ratio\"><div class=\"wp-block-embed__wrapper\">\n<iframe loading=\"lazy\" title=\"Bethel Pastor Scott Collins at the 2020 Campaign Kickoff for Peter Abbarno\" width=\"1080\" height=\"810\" src=\"https:\/\/www.youtube.com\/embed\/UQzUAb5TksE?feature=oembed\"  allow=\"accelerometer; autoplay; clipboard-write; encrypted-media; gyroscope; picture-in-picture; web-share\" referrerpolicy=\"strict-origin-when-cross-origin\" allowfullscreen><\/iframe>\n<\/div><figcaption>El pastor Scott Collins de la Iglesia Bethel pronuncia la invocaci\u00f3n en el inicio de la campa\u00f1a #ElectPeterAbbarno. www.ElectPeterAbbarno.com<\/figcaption><\/figure>\n\n<blockquote class=\"wp-block-quote is-layout-flow wp-block-quote-is-layout-flow\"><p>Me siento orgulloso, humilde y honrado por el tremendo apoyo recibido esta ma\u00f1ana en el Museo Conmemorativo de los Veteranos. Gracias a todos los que asistieron; especialmente, a Jonathan Meyer, al pastor Scott Collins, al diputado JT Wilcox, al diputado Richard DeBolt, a J Vander Stoep; a mis voluntarias de campa\u00f1a Shelly Ford, Cindy Godsey y Crystal Bailey, \u00a1y a mi incre\u00edble familia!   <\/p><cite>Peter Abbarno, Candidato a Representante Estatal en el 20\u00ba Distrito Legislativo<\/cite><\/blockquote>\n\n<figure class=\"wp-block-embed-youtube wp-block-embed is-type-video is-provider-youtube wp-embed-aspect-16-9 wp-has-aspect-ratio\"><div class=\"wp-block-embed__wrapper\">\n<iframe loading=\"lazy\" title=\"Antonio &amp; Sophia Abbarno Pledge of Allegiance at 2020 Campaign Kickoff\" width=\"1080\" height=\"608\" src=\"https:\/\/www.youtube.com\/embed\/YYnZgtcrcz8?feature=oembed\"  allow=\"accelerometer; autoplay; clipboard-write; encrypted-media; gyroscope; picture-in-picture; web-share\" referrerpolicy=\"strict-origin-when-cross-origin\" allowfullscreen><\/iframe>\n<\/div><figcaption>Sophia (8) y Antonio (7) dirigen a los m\u00e1s de 100 asistentes al inicio de campa\u00f1a #ElectPeterAbbarno en el juramento a la bandera en el Veterans Memorial Museum.  <\/figcaption><\/figure>\n\n<h4 class=\"has-text-align-center wp-block-heading\"><a href=\"http:\/\/www.ElectPeterAbbarno.com\"><strong>Dona &#8211; Hazte voluntario &#8211; Apoya: \u00danete al Equipo de la Victoria<\/strong><\/a><\/h4>\n\n<figure class=\"wp-block-image size-large\"><a href=\"www.ElectPeterAbbarno.com\"><img decoding=\"async\" src=\"http:\/\/electpeterabbarno.com\/wp-content\/uploads\/2020\/02\/peter-_logo_FB_w_ID-1-1024x400.jpg\" alt=\"\" class=\"wp-image-1391\"\/><\/a><figcaption>\u00danete al equipo de la campa\u00f1a #ElectPeterAbbarno en <a href=\"http:\/\/www.ElectPeterAbbarno.com\">www.ElectPeterAbbarno.com<\/a><\/figcaption><\/figure>\n\n<figure class=\"wp-block-embed-youtube wp-block-embed is-type-video is-provider-youtube wp-embed-aspect-4-3 wp-has-aspect-ratio\"><div class=\"wp-block-embed__wrapper\">\n<iframe loading=\"lazy\" title=\"Elect Peter Abbarno Campaign Kickoff\" width=\"1080\" height=\"810\" src=\"https:\/\/www.youtube.com\/embed\/0YA0CAjiis0?feature=oembed\"  allow=\"accelerometer; autoplay; clipboard-write; encrypted-media; gyroscope; picture-in-picture; web-share\" referrerpolicy=\"strict-origin-when-cross-origin\" allowfullscreen><\/iframe>\n<\/div><figcaption>Arranque completo de la campa\u00f1a #ElectPeterAbbarno<br\/>www.ElectPeterAbbarno.com<\/figcaption><\/figure>\n","protected":false},"excerpt":{"rendered":"<p>El mi\u00e9rcoles 26 de febrero, el desayuno inaugural para apoyar la campa\u00f1a de Peter Abbarno para Representante Estatal \u00a1fue un gran \u00e9xito! El fiscal del condado de Lewis, Jonathan Meyer, actu\u00f3 como maestro de ceremonias, la invocaci\u00f3n corri\u00f3 a cargo del pastor de Bethel, Scott Collins, y el juramento a la bandera fue dirigido por [&hellip;]<\/p>\n","protected":false},"author":2,"featured_media":0,"comment_status":"closed","ping_status":"open","sticky":false,"template":"","format":"standard","meta":{"_et_pb_use_builder":"","_et_pb_old_content":"","_et_gb_content_width":"","footnotes":""},"categories":[381],"tags":[389,495,387,496],"class_list":["post-5010","post","type-post","status-publish","format-standard","hentry","category-elegir-a-peter-abbarno","tag-abbarno-es","tag-debolt-es","tag-elegir-a-peter-abbarno","tag-wilcox-es"],"_links":{"self":[{"href":"https:\/\/electpeterabbarno.com\/es\/wp-json\/wp\/v2\/posts\/5010","targetHints":{"allow":["GET"]}}],"collection":[{"href":"https:\/\/electpeterabbarno.com\/es\/wp-json\/wp\/v2\/posts"}],"about":[{"href":"https:\/\/electpeterabbarno.com\/es\/wp-json\/wp\/v2\/types\/post"}],"author":[{"embeddable":true,"href":"https:\/\/electpeterabbarno.com\/es\/wp-json\/wp\/v2\/users\/2"}],"replies":[{"embeddable":true,"href":"https:\/\/electpeterabbarno.com\/es\/wp-json\/wp\/v2\/comments?post=5010"}],"version-history":[{"count":3,"href":"https:\/\/electpeterabbarno.com\/es\/wp-json\/wp\/v2\/posts\/5010\/revisions"}],"predecessor-version":[{"id":5056,"href":"https:\/\/electpeterabbarno.com\/es\/wp-json\/wp\/v2\/posts\/5010\/revisions\/5056"}],"wp:attachment":[{"href":"https:\/\/electpeterabbarno.com\/es\/wp-json\/wp\/v2\/media?parent=5010"}],"wp:term":[{"taxonomy":"category","embeddable":true,"href":"https:\/\/electpeterabbarno.com\/es\/wp-json\/wp\/v2\/categories?post=5010"},{"taxonomy":"post_tag","embeddable":true,"href":"https:\/\/electpeterabbarno.com\/es\/wp-json\/wp\/v2\/tags?post=5010"}],"curies":[{"name":"wp","href":"https:\/\/api.w.org\/{rel}","templated":true}]}}