{"id":5188,"date":"2022-04-13T23:46:45","date_gmt":"2022-04-13T23:46:45","guid":{"rendered":"https:\/\/electpeterabbarno.com\/los-robos-de-vehiculos-aumentan-un-88-segun-la-patrulla-del-estado-de-washington\/"},"modified":"2025-06-02T17:05:18","modified_gmt":"2025-06-02T17:05:18","slug":"los-robos-de-vehiculos-aumentan-un-88-segun-la-patrulla-del-estado-de-washington","status":"publish","type":"post","link":"https:\/\/electpeterabbarno.com\/es\/los-robos-de-vehiculos-aumentan-un-88-segun-la-patrulla-del-estado-de-washington\/","title":{"rendered":"Los robos de veh\u00edculos aumentan un 88% seg\u00fan la Patrulla del Estado de Washington"},"content":{"rendered":"\n<p>Seg\u00fan un comunicado de la Asociaci\u00f3n de Sheriffs y Jefes de Polic\u00eda de Washington (WASPC), los robos de veh\u00edculos en el estado de Washington han aumentado un 88% hasta el primer trimestre de 2022, en comparaci\u00f3n con el mismo periodo del a\u00f1o pasado. Desde la aprobaci\u00f3n de nuevas leyes que restringen la capacidad de las fuerzas del orden para responder e investigar delitos y detener a presuntos delincuentes, se ha producido un fuerte aumento de la delincuencia, incluido un aumento del 93% en los robos de veh\u00edculos desde que esas leyes entraron en vigor en julio de 2021.   <\/p>\n\n<blockquote class=\"wp-block-quote is-style-large is-layout-flow wp-block-quote-is-layout-flow\"><p>Todos los ciudadanos del Estado de Washington merecen sentirse y estar seguros en sus hogares y en su comunidad. El Gobernador y su mayor\u00eda en la Asamblea Legislativa fueron demasiado lejos al restringir la capacidad de las fuerzas del orden para proteger nuestras comunidades. Eligieron a los delincuentes en lugar de a las v\u00edctimas y a los ciudadanos respetuosos con la ley; y el resultado fue un aumento masivo de la delincuencia. En 2022 se introdujeron algunas peque\u00f1as mejoras respecto a la desastrosa legislaci\u00f3n aprobada en 2021, pero quedan muchos problemas por resolver.   <\/p><cite>Representante Peter Abbarno (R-Centralia), abogado y miembro del Comit\u00e9 de Derechos Civiles y Judiciales de la C\u00e1mara de Representantes.<\/cite><\/blockquote>\n\n<p>Durante la Sesi\u00f3n Legislativa de 2021, el Gobernador y la Mayor\u00eda Dem\u00f3crata aprobaron una <a rel=\"noreferrer noopener\" href=\"https:\/\/app.leg.wa.gov\/bi\/report\/topicalindex\/?biennium=2021-22&amp;topicId=14711\" target=\"_blank\">serie de proyectos de ley de reforma policial<\/a> que fueron, y siguen siendo, muy criticados. Esas nuevas leyes inclu\u00edan la HB 1054 (que establec\u00eda requisitos para las t\u00e1cticas y el equipo utilizados por los agentes de la paz) y la HB 1310 (relativa al uso permitido de la fuerza por los agentes de la ley y los funcionarios de prisiones).   <\/p>\n\n<p>Entre las acciones legislativas de 2022 que ayudaron a clarificar las de 2021 se incluyen:<\/p>\n\n<ul class=\"wp-block-list\"><li>La ley HB1719 autoriza el uso de municiones menos letales;<\/li><\/ul>\n\n<ul class=\"wp-block-list\"><li>La HB 1735 aclara a la polic\u00eda el uso de la fuerza en situaciones civiles y de cuidado de la comunidad; y<\/li><\/ul>\n\n<ul class=\"wp-block-list\"><li>La HB 2037 define el \u201cuso de la fuerza\u201d y prev\u00e9 detenciones con fines de investigaci\u00f3n<\/li><\/ul>\n\n<p>Sin embargo, se perdieron muchas oportunidades, como la de no aprobar <a rel=\"noreferrer noopener\" href=\"https:\/\/app.leg.wa.gov\/billsummary?BillNumber=5919&amp;Year=2021&amp;Initiative=false\" target=\"_blank\">el proyecto de ley 5919 del Senado<\/a>, que volver\u00eda a cambiar las restricciones a las persecuciones por las de sospecha razonable, en lugar de causa probable, incluso para ciertos delitos violentos y sexuales.<\/p>\n\n<figure class=\"wp-block-gallery has-nested-images columns-default is-cropped wp-block-gallery-1 is-layout-flex wp-block-gallery-is-layout-flex\">\n<figure class=\"wp-block-image size-large is-resized\"><img loading=\"lazy\" decoding=\"async\" data-id=\"3501\" src=\"https:\/\/electpeterabbarno.com\/wp-content\/uploads\/2022\/04\/WASPC-Release-1-792x1024.jpg\" alt=\"\" class=\"wp-image-3501\" width=\"351\" height=\"454\"\/><\/figure>\n\n\n\n<figure class=\"wp-block-image size-large is-style-default\"><img loading=\"lazy\" decoding=\"async\" width=\"792\" height=\"1024\" data-id=\"3502\" src=\"https:\/\/electpeterabbarno.com\/wp-content\/uploads\/2022\/04\/WASPC-Release-2-792x1024.jpg\" alt=\"\" class=\"wp-image-3502\"\/><\/figure>\n<\/figure>\n\n<blockquote class=\"wp-block-quote is-style-large is-layout-flow wp-block-quote-is-layout-flow\"><p>En los dos \u00faltimos a\u00f1os hemos visto aprobadas leyes que reducen el castigo por cometer delitos, eliminan las penas por impacto en las v\u00edctimas impuestas a los delincuentes que hieren a las personas y da\u00f1an la propiedad, y restringen la capacidad de las fuerzas del orden para mantener la seguridad de nuestras comunidades. Debemos volver en la sesi\u00f3n legislativa de 2023 y arreglar realmente estas leyes, restablecer la confianza en nuestro sistema judicial y capacitar a los agentes de la paz para mantener a salvo al p\u00fablico.   <\/p><cite>Diputado Peter Abbarno (R-Centralia)  <\/cite><\/blockquote>\n\n<div class=\"wp-block-image\"><figure class=\"aligncenter size-full\"><a href=\"EligePeterAbbarno.com\"><img decoding=\"async\" src=\"https:\/\/electpeterabbarno.com\/wp-content\/uploads\/2022\/03\/Abbarno-4x8ft-Banner-page-001-1.jpg\" alt=\"\" class=\"wp-image-3430\"\/><\/a><figcaption>Hazte voluntario, dona y apoya la reelecci\u00f3n de Peter Abbarno en <a href=\"http:\/\/ElectPeterAbbarno.com\" target=\"_blank\" rel=\"noreferrer noopener\">ElectPeterAbbarno.com<\/a><\/figcaption><\/figure><\/div>\n","protected":false},"excerpt":{"rendered":"<p>Seg\u00fan un comunicado de la Asociaci\u00f3n de Sheriffs y Jefes de Polic\u00eda de Washington (WASPC), los robos de veh\u00edculos en el estado de Washington han aumentado un 88% hasta el primer trimestre de 2022, en comparaci\u00f3n con el mismo periodo del a\u00f1o pasado. Desde la aprobaci\u00f3n de nuevas leyes que restringen la capacidad de las [&hellip;]<\/p>\n","protected":false},"author":2,"featured_media":4524,"comment_status":"closed","ping_status":"closed","sticky":false,"template":"","format":"standard","meta":{"_et_pb_use_builder":"off","_et_pb_old_content":"","_et_gb_content_width":"","footnotes":""},"categories":[381],"tags":[389,387,587,586,585],"class_list":["post-5188","post","type-post","status-publish","format-standard","has-post-thumbnail","hentry","category-elegir-a-peter-abbarno","tag-abbarno-es","tag-elegir-a-peter-abbarno","tag-estadisticas-de-delincuencia","tag-seguridad-publica","tag-waspc-es"],"_links":{"self":[{"href":"https:\/\/electpeterabbarno.com\/es\/wp-json\/wp\/v2\/posts\/5188","targetHints":{"allow":["GET"]}}],"collection":[{"href":"https:\/\/electpeterabbarno.com\/es\/wp-json\/wp\/v2\/posts"}],"about":[{"href":"https:\/\/electpeterabbarno.com\/es\/wp-json\/wp\/v2\/types\/post"}],"author":[{"embeddable":true,"href":"https:\/\/electpeterabbarno.com\/es\/wp-json\/wp\/v2\/users\/2"}],"replies":[{"embeddable":true,"href":"https:\/\/electpeterabbarno.com\/es\/wp-json\/wp\/v2\/comments?post=5188"}],"version-history":[{"count":1,"href":"https:\/\/electpeterabbarno.com\/es\/wp-json\/wp\/v2\/posts\/5188\/revisions"}],"predecessor-version":[{"id":5190,"href":"https:\/\/electpeterabbarno.com\/es\/wp-json\/wp\/v2\/posts\/5188\/revisions\/5190"}],"wp:featuredmedia":[{"embeddable":true,"href":"https:\/\/electpeterabbarno.com\/es\/wp-json\/wp\/v2\/media\/4524"}],"wp:attachment":[{"href":"https:\/\/electpeterabbarno.com\/es\/wp-json\/wp\/v2\/media?parent=5188"}],"wp:term":[{"taxonomy":"category","embeddable":true,"href":"https:\/\/electpeterabbarno.com\/es\/wp-json\/wp\/v2\/categories?post=5188"},{"taxonomy":"post_tag","embeddable":true,"href":"https:\/\/electpeterabbarno.com\/es\/wp-json\/wp\/v2\/tags?post=5188"}],"curies":[{"name":"wp","href":"https:\/\/api.w.org\/{rel}","templated":true}]}}