{"id":5295,"date":"2020-08-26T09:27:32","date_gmt":"2020-08-26T09:27:32","guid":{"rendered":"https:\/\/electpeterabbarno.com\/las-familias-trabajadoras-y-las-empresas-necesitan-opciones-de-cuidado-infantil-y-aprendizaje-temprano\/"},"modified":"2025-06-02T17:06:45","modified_gmt":"2025-06-02T17:06:45","slug":"las-familias-trabajadoras-y-las-empresas-necesitan-opciones-de-cuidado-infantil-y-aprendizaje-temprano","status":"publish","type":"post","link":"https:\/\/electpeterabbarno.com\/es\/las-familias-trabajadoras-y-las-empresas-necesitan-opciones-de-cuidado-infantil-y-aprendizaje-temprano\/","title":{"rendered":"Las familias trabajadoras y las empresas necesitan opciones de cuidado infantil y aprendizaje temprano"},"content":{"rendered":"\n<p>Un<a href=\"https:\/\/mynorthwest.com\/2114933\/report-pandemic-washington-fragile-child-care-system\/\" target=\"_blank\" rel=\"noreferrer noopener\"> estudio <\/a>reciente llevado a cabo por un grupo de trabajo de organizaciones de cuidado infantil, descubri\u00f3 que aproximadamente 550.000 ni\u00f1os de Washington no tienen acceso a servicios de cuidado infantil, y que \u201cla pandemia del COVID-19 ha reducido a\u00fan m\u00e1s la capacidad\u201d. De los padres encuestados, el 18% declar\u00f3 haber rechazado un trabajo por cuestiones de cuidado infantil. Se trata de una cuesti\u00f3n tanto econ\u00f3mica como social y educativa.  <\/p>\n\n<figure class=\"wp-block-image size-large\"><img decoding=\"async\" src=\"http:\/\/electpeterabbarno.com\/wp-content\/uploads\/2019\/12\/United-Way-Luncheon-1.jpg\" alt=\"\" class=\"wp-image-1239\"\/><figcaption>Peter Abbarno habla en el Almuerzo de Socios de United Way de 2019 sobre el Aprendizaje Temprano, la Atenci\u00f3n Infantil y el Centro de Aprendizaje Unido.<\/figcaption><\/figure>\n\n<p>Seg\u00fan el Censo, hay 4.500 ni\u00f1os menores de 5 a\u00f1os en el condado de Lewis. Seg\u00fan Child Care Aware of Washington, hay 1.500 plazas de guarder\u00eda\/aprendizaje temprano disponibles. Las nuevas estad\u00edsticas pueden verse incrementadas por el aprendizaje a distancia, y por el hecho de que el 18% de los programas de cuidado infantil de Washington est\u00e1n actualmente cerrados, lo que deja a los padres que trabajan con pocas opciones.  <\/p>\n\n<blockquote class=\"wp-block-quote is-layout-flow wp-block-quote-is-layout-flow\"><p>Necesitamos crear m\u00e1s oportunidades para que los ni\u00f1os en edad preescolar se preparen con \u00e9xito para la escuela, desarrollar lugares seguros para que los alumnos en edad escolar jueguen y estudien, y ofrecer oportunidades para que los padres trabajen y se ganen la vida. Nuestra comunidad no se limita a hablar de este tema, sino que desarrolla proactivamente un Centro de Aprendizaje Unido. <\/p><p>Miro a mi propia familia, con un alumno de 9 a\u00f1os que entra en 4\u00ba curso, otro de 7 que entra en 2\u00ba y mi mujer y yo trabajando a tiempo completo. La sobrerregulaci\u00f3n gubernamental de la industria y la falta de inversi\u00f3n han creado opciones limitadas, \u00a1en el mejor de los casos!   <\/p><p>Por eso estamos trabajando en el Centro de Aprendizaje Unido para ayudar a las familias y a las empresas. Nuestra Comunidad quiere volver al trabajo, pero muchos se ven frenados por las barreras creadas por el COVID-19 y las \u00d3rdenes del Gobernador. Los programas de preescolar y el cuidado de los ni\u00f1os son prioritarios. Lo s\u00e9 por mi experiencia y por las familias con las que hablo en todo el 20\u00ba Distrito.     <\/p><cite>Peter Abbarno, Candidato a la C\u00e1mara de Representantes del Estado en el 20\u00ba Distrito Legislativo.<\/cite><\/blockquote>\n\n<h3 class=\"has-text-align-center wp-block-heading\">Centro de Aprendizaje Unido: Un poco de historia<\/h3>\n\n<ul class=\"wp-block-list\"><li><a href=\"http:\/\/www.chronline.com\/news\/united-way-luncheon-highlights-efforts-to-reduce-poverty\/article_c913bba8-e156-11e9-93c3-c7bee3578abb.html\" target=\"_blank\" rel=\"noreferrer noopener\">El Almuerzo de United Way Destaca los Esfuerzos para Reducir la Pobreza<\/a>. The Daily Chronicle, 27 de septiembre de 2019 <\/li><li><a href=\"http:\/\/www.chronline.com\/news\/2m-in-house-capital-budget-could-fund-early-learning-center\/article_3cb830aa-5289-11e9-a347-3ffee6eb702c.html\" target=\"_blank\" rel=\"noreferrer noopener\">2 M$ del Presupuesto de Capital de la C\u00e1mara podr\u00edan financiar el Centro de Aprendizaje Temprano<\/a>. The Daily Chronicle, 29 de marzo de 2019 <\/li><li><a href=\"http:\/\/www.chronline.com\/news\/centralia-chehalis-early-learning-conversion-project-gets-extra-1m-from-state\/article_8dd329da-6d5a-11ea-b68c-872cffa4f103.html\">El proyecto de reconversi\u00f3n de aprendizaje temprano de Centralia-Chehalis recibe 1 mill\u00f3n de d\u00f3lares m\u00e1s del estado<\/a>. The Daily Chronicle, 23 de marzo de 2020 <\/li><li><a href=\"http:\/\/www.chronline.com\/opinion\/guest-commentary-united-learning-center-would-serve-families-and-our-community\/article_673aac26-db55-11ea-9928-978d32f5cdae.html\" target=\"_blank\" rel=\"noreferrer noopener\">Comentario invitado: Un Centro de Aprendizaje Unido Servir\u00eda a las Familias y a Nuestra Comunidad.<\/a>  The Daily Chronicle, 10 de agosto de 2020<\/li><li><a href=\"http:\/\/www.chronline.com\/news\/community-organizations-join-forces-for-united-learning-center-in-centralia\/article_08408cfa-db59-11ea-9eeb-1b212a8eff32.html\" target=\"_blank\" rel=\"noreferrer noopener\">Organizaciones comunitarias unen sus fuerzas para crear un Centro de Aprendizaje Unido en Centralia<\/a>. The Daily Chronicle, 10 de agosto de 2020 <\/li><li><a href=\"http:\/\/www.chronline.com\/news\/centralia-approves-1-9-million-investment-for-united-learning-center\/article_1c24b84e-dcea-11ea-ab3b-5302cce22948.html\" target=\"_blank\" rel=\"noreferrer noopener\">Centralia aprueba una inversi\u00f3n de 1,9 millones de d\u00f3lares para el Centro de Aprendizaje United.<\/a>  The Daily Chronicle, 12 de agosto de 2020<\/li><li><a href=\"http:\/\/www.chronline.com\/news\/partners-hope-to-begin-construction-on-united-learning-center-in-centralia-by-end-of-year\/article_76228f98-e40a-11ea-a76c-5b408294587a.html\" target=\"_blank\" rel=\"noreferrer noopener\">Los socios esperan comenzar la construcci\u00f3n del Centro de Aprendizaje Unido en Centralia a finales de a\u00f1o<\/a>. The Daily Chronicle, 21 de agosto de 2020 <\/li><li><a href=\"https:\/\/mynorthwest.com\/2114933\/report-pandemic-washington-fragile-child-care-system\/\" target=\"_blank\" rel=\"noreferrer noopener\">Informe: La pandemia estresa el \u201cya fr\u00e1gil\u201d sistema de atenci\u00f3n a la infancia de Washington<\/a>. MyNorthwest.com, 26 de agosto de 2020. <\/li><\/ul>\n\n<p>Los ni\u00f1os matriculados en programas de aprendizaje temprano y atenci\u00f3n infantil tienen:<\/p>\n\n<ul class=\"wp-block-list\"><li>Aumento de las tasas de graduaci\u00f3n, lo que significa la creaci\u00f3n de trabajadores productivos y m\u00e1s contribuyentes al sistema fiscal;<\/li><li>Aumento de la capacidad de obtener ingresos de los adultos, lo que significa menos pobreza;<\/li><li>Aumento de la tasa de propiedad de viviendas, lo que significa barrios y familias m\u00e1s fuertes;<\/li><li>Disminuir la dependencia de los adultos de los programas gubernamentales, lo que significa un gobierno m\u00e1s peque\u00f1o y menos impuestos; y<\/li><li>Reducir los \u00edndices de delincuencia, lo que significa un gobierno m\u00e1s peque\u00f1o, menos impuestos y calles m\u00e1s seguras.<\/li><\/ul>\n\n<blockquote class=\"wp-block-quote is-layout-flow wp-block-quote-is-layout-flow\"><p>Me opongo a los programas gubernamentales sin sentido y a una cultura de dependencia que mide el \u00e9xito por los titulares y los d\u00f3lares gastados. \u00a1Por eso es tan atractivo el Centro de Aprendizaje Unido, que es una colaboraci\u00f3n local de United Way, Discovery! Children&#8217;s Museum, Boys and Girls Club, e inversiones privadas y p\u00fablicas.    <\/p><p>Los programas de aprendizaje temprano son inversiones en oportunidades de aprendizaje y crecimiento para los ni\u00f1os y son oportunidades de independencia econ\u00f3mica para las familias y los padres. Adoptando un plan de Identificaci\u00f3n Precoz, Intervenci\u00f3n Precoz, Aprendizaje Precoz, nuestras escuelas y comunidades podr\u00edan reducir mucho mejor la pobreza y preparar a la pr\u00f3xima generaci\u00f3n para el \u00e9xito. <\/p><cite>Peter Abbarno, Candidato a la C\u00e1mara de Representantes del Estado en el 20\u00ba Distrito Legislativo.<\/cite><\/blockquote>\n\n<h2 class=\"has-text-align-center wp-block-heading\"><a href=\"http:\/\/www.ElectPeterAbbarno.com\/contact\" target=\"_blank\" rel=\"noreferrer noopener\">\u00a1Apoya! Haz un donativo Hazte voluntario   \u00danete a la Campa\u00f1a para Elegir a Peter Abbarno<\/a><\/h2>\n\n<div class=\"wp-block-image\"><figure class=\"aligncenter size-large is-resized\"><img loading=\"lazy\" decoding=\"async\" src=\"http:\/\/electpeterabbarno.com\/wp-content\/uploads\/2020\/03\/43243444_10156499528703758_2651870524044476416_o-1024x732.jpg\" alt=\"\" class=\"wp-image-1737\" width=\"478\" height=\"341\"\/><figcaption>Peter de voluntario en la escuela primaria Edison con el programa WATCH D.O.G.S. (Dads of Great Students)<\/figcaption><\/figure><\/div>\n","protected":false},"excerpt":{"rendered":"<p>Un estudio reciente llevado a cabo por un grupo de trabajo de organizaciones de cuidado infantil, descubri\u00f3 que aproximadamente 550.000 ni\u00f1os de Washington no tienen acceso a servicios de cuidado infantil, y que \u201cla pandemia del COVID-19 ha reducido a\u00fan m\u00e1s la capacidad\u201d. De los padres encuestados, el 18% declar\u00f3 haber rechazado un trabajo por [&hellip;]<\/p>\n","protected":false},"author":2,"featured_media":0,"comment_status":"closed","ping_status":"open","sticky":false,"template":"","format":"standard","meta":{"_et_pb_use_builder":"","_et_pb_old_content":"","_et_gb_content_width":"","footnotes":""},"categories":[381],"tags":[],"class_list":["post-5295","post","type-post","status-publish","format-standard","hentry","category-elegir-a-peter-abbarno"],"_links":{"self":[{"href":"https:\/\/electpeterabbarno.com\/es\/wp-json\/wp\/v2\/posts\/5295","targetHints":{"allow":["GET"]}}],"collection":[{"href":"https:\/\/electpeterabbarno.com\/es\/wp-json\/wp\/v2\/posts"}],"about":[{"href":"https:\/\/electpeterabbarno.com\/es\/wp-json\/wp\/v2\/types\/post"}],"author":[{"embeddable":true,"href":"https:\/\/electpeterabbarno.com\/es\/wp-json\/wp\/v2\/users\/2"}],"replies":[{"embeddable":true,"href":"https:\/\/electpeterabbarno.com\/es\/wp-json\/wp\/v2\/comments?post=5295"}],"version-history":[{"count":1,"href":"https:\/\/electpeterabbarno.com\/es\/wp-json\/wp\/v2\/posts\/5295\/revisions"}],"predecessor-version":[{"id":5298,"href":"https:\/\/electpeterabbarno.com\/es\/wp-json\/wp\/v2\/posts\/5295\/revisions\/5298"}],"wp:attachment":[{"href":"https:\/\/electpeterabbarno.com\/es\/wp-json\/wp\/v2\/media?parent=5295"}],"wp:term":[{"taxonomy":"category","embeddable":true,"href":"https:\/\/electpeterabbarno.com\/es\/wp-json\/wp\/v2\/categories?post=5295"},{"taxonomy":"post_tag","embeddable":true,"href":"https:\/\/electpeterabbarno.com\/es\/wp-json\/wp\/v2\/tags?post=5295"}],"curies":[{"name":"wp","href":"https:\/\/api.w.org\/{rel}","templated":true}]}}