{"id":5308,"date":"2020-08-19T09:12:07","date_gmt":"2020-08-19T09:12:07","guid":{"rendered":"https:\/\/electpeterabbarno.com\/meet-and-greets-del-condado-de-cowlitz-en-kelso\/"},"modified":"2025-06-02T17:06:45","modified_gmt":"2025-06-02T17:06:45","slug":"meet-and-greets-del-condado-de-cowlitz-en-kelso","status":"publish","type":"post","link":"https:\/\/electpeterabbarno.com\/es\/meet-and-greets-del-condado-de-cowlitz-en-kelso\/","title":{"rendered":"\u00a1Meet-and-Greet(s) del Condado de Cowlitz en Kelso!"},"content":{"rendered":"\n<p>Conoce a <a href=\"https:\/\/www.facebook.com\/ElectPeterAbbarno\/\" target=\"_blank\" rel=\"noreferrer noopener\">Peter Abbarno<\/a>, candidato a la C\u00e1mara de Representantes del Estado por el 20\u00ba Distrito Legislativo, y a tus candidatos del condado de Cowlitz en una serie de encuentros que comienzan el 27 de agosto. El 20\u00ba Distrito Legislativo incluye partes de los condados de Thurston, Lewis, Cowlitz y Clark. <\/p>\n\n<div class=\"wp-block-group\"><div class=\"wp-block-group__inner-container is-layout-flow wp-block-group-is-layout-flow\">\n<figure class=\"wp-block-gallery columns-3 is-cropped wp-block-gallery-1 is-layout-flex wp-block-gallery-is-layout-flex\"><ul class=\"blocks-gallery-grid\"><li class=\"blocks-gallery-item\"><figure><img decoding=\"async\" src=\"http:\/\/electpeterabbarno.com\/wp-content\/uploads\/2020\/05\/sign-3.jpeg\" alt=\"\" data-id=\"2269\" data-full-url=\"http:\/\/electpeterabbarno.com\/wp-content\/uploads\/2020\/05\/sign-3.jpeg\" data-link=\"http:\/\/electpeterabbarno.com\/washington-20th-legislative-district\/sign-3\/\" class=\"wp-image-2269\"\/><figcaption class=\"blocks-gallery-item__caption\">Mayo de 2020 Kelso Conocer y saludar a Peter Abbarno<\/figcaption><\/figure><\/li><li class=\"blocks-gallery-item\"><figure><img decoding=\"async\" src=\"http:\/\/electpeterabbarno.com\/wp-content\/uploads\/2020\/02\/Kalama-Meeting-with-Merz-and-Kallio-1024x785.jpg\" alt=\"\" data-id=\"1441\" data-full-url=\"http:\/\/electpeterabbarno.com\/wp-content\/uploads\/2020\/02\/Kalama-Meeting-with-Merz-and-Kallio.jpg\" data-link=\"http:\/\/electpeterabbarno.com\/abbarno-meets-with-kalama-city-councilors-to-discuss-local-issues-and-solutions\/kalama-meeting-with-merz-and-kallio\/\" class=\"wp-image-1441\"\/><figcaption class=\"blocks-gallery-item__caption\">En Kalama discutiendo asuntos con los concejales de Kalama Kallio y Merz<\/figcaption><\/figure><\/li><li class=\"blocks-gallery-item\"><figure><img decoding=\"async\" src=\"http:\/\/electpeterabbarno.com\/wp-content\/uploads\/2020\/05\/sign-6-1024x576.jpg\" alt=\"\" data-id=\"2275\" data-full-url=\"http:\/\/electpeterabbarno.com\/wp-content\/uploads\/2020\/05\/sign-6-scaled.jpg\" data-link=\"http:\/\/electpeterabbarno.com\/washington-20th-legislative-district\/sign-6\/\" class=\"wp-image-2275\"\/><figcaption class=\"blocks-gallery-item__caption\">Muestra tu apoyo a los candidatos del condado de Cowlitz<\/figcaption><\/figure><\/li><\/ul><\/figure>\n<\/div><\/div>\n\n<p>Peter recibi\u00f3 m\u00e1s del 47% de los votos de las primarias en un campo de 4 candidatos para avanzar a las Elecciones Generales del 3 de noviembre para enfrentarse a un candidato dem\u00f3crata de Toutle.<\/p>\n\n<p>Cada dos semanas, a partir del jueves 27 de agosto, el p\u00fablico tendr\u00e1 la oportunidad de conocer a los candidatos republicanos que se presentan a las elecciones o a la reelecci\u00f3n en el estado de Washington y en el condado de Cowlitz, en la sede republicana del condado de Cowlitz, en el 314 de la calle Academy, en Kelso.<\/p>\n\n<h2 class=\"has-text-align-left wp-block-heading\"><strong>Calendario de Encuentros 2020<\/strong><\/h2>\n\n<ul class=\"wp-block-list\"><li><strong>27 de agosto 5PM &#8211; 7PM<\/strong><\/li><li><strong>10 de septiembre 5PM &#8211; 7PM<\/strong><\/li><li><strong>24 de septiembre 17.00 &#8211; 19.00 h<\/strong><\/li><li><strong>8 de octubre 17.00 &#8211; 19.00 h<\/strong><\/li><li><strong>22 de octubre 5PM &#8211; 7PM<\/strong><\/li><\/ul>\n\n<figure class=\"wp-block-image size-large\"><a href=\"www.ElectPeterAbbarno.com\"><img decoding=\"async\" src=\"http:\/\/electpeterabbarno.com\/wp-content\/uploads\/2020\/05\/peter-_logo_FB_w_ID-1024x400.jpg\" alt=\"\" class=\"wp-image-2279\"\/><\/a><figcaption><a href=\"http:\/\/www.ElectPeterAbbarno.com\">www.ElectPeterAbbarno.com<\/a><\/figcaption><\/figure>\n\n<h2 class=\"has-text-align-center wp-block-heading\"><a href=\"http:\/\/electpeterabbarno.com\/about\/\" target=\"_blank\" rel=\"noreferrer noopener\">Sobre Peter Abbarno<\/a><\/h2>\n\n<p>Peter es propietario de una peque\u00f1a empresa, abogado de Althauser Rayan Abbarno, LLP, y alcalde pro-tem de la ciudad de Centralia. Peter vive con su esposa Holly (Hawes), profesora de matem\u00e1ticas en la Escuela Media de Centralia, y sus dos hijos Sophia y Antonio. <\/p>\n\n<p>Peter cuenta con el apoyo del senador estatal John Braun (R-20); del representante estatal Richard Debolt (R-20); del representante estatal Ed Orcutt (R-20); del representante estatal Jim Walsh (R-19); de m\u00e1s de 30 cargos electos del distrito 20; as\u00ed como con el apoyo del Washington Farm Bureau, Associated General Contractors of Washington, Washington Affordable Housing Council, The Daily News, The Lewis County News, ha recibido una calificaci\u00f3n \u201cA\u201d de la Asociaci\u00f3n Nacional del Rifle y es el \u00fanico candidato recomendado por LifePac.<\/p>\n\n<h2 class=\"has-text-align-center wp-block-heading\"><a href=\"http:\/\/www.ElectPeterAbbarno.com\/contact\">\u00a1Dona! \u00a1Apoya! \u00a1Apoya! \u00a1Vota!   <\/a><\/h2>\n\n<figure class=\"wp-block-image size-large\"><img decoding=\"async\" src=\"http:\/\/electpeterabbarno.com\/wp-content\/uploads\/2020\/02\/peter-_logo_FB_w_ID-1-1024x400.jpg\" alt=\"\" class=\"wp-image-1391\"\/><figcaption><a href=\"http:\/\/www.ElectPeterAbbarno.com\/contact\">www.ElectPeterAbbarno.com\/contact<\/a><br\/><\/figcaption><\/figure>\n","protected":false},"excerpt":{"rendered":"<p>Conoce a Peter Abbarno, candidato a la C\u00e1mara de Representantes del Estado por el 20\u00ba Distrito Legislativo, y a tus candidatos del condado de Cowlitz en una serie de encuentros que comienzan el 27 de agosto. El 20\u00ba Distrito Legislativo incluye partes de los condados de Thurston, Lewis, Cowlitz y Clark. Peter recibi\u00f3 m\u00e1s del [&hellip;]<\/p>\n","protected":false},"author":2,"featured_media":0,"comment_status":"open","ping_status":"open","sticky":false,"template":"","format":"standard","meta":{"_et_pb_use_builder":"","_et_pb_old_content":"","_et_gb_content_width":"","footnotes":""},"categories":[381],"tags":[],"class_list":["post-5308","post","type-post","status-publish","format-standard","hentry","category-elegir-a-peter-abbarno"],"_links":{"self":[{"href":"https:\/\/electpeterabbarno.com\/es\/wp-json\/wp\/v2\/posts\/5308","targetHints":{"allow":["GET"]}}],"collection":[{"href":"https:\/\/electpeterabbarno.com\/es\/wp-json\/wp\/v2\/posts"}],"about":[{"href":"https:\/\/electpeterabbarno.com\/es\/wp-json\/wp\/v2\/types\/post"}],"author":[{"embeddable":true,"href":"https:\/\/electpeterabbarno.com\/es\/wp-json\/wp\/v2\/users\/2"}],"replies":[{"embeddable":true,"href":"https:\/\/electpeterabbarno.com\/es\/wp-json\/wp\/v2\/comments?post=5308"}],"version-history":[{"count":1,"href":"https:\/\/electpeterabbarno.com\/es\/wp-json\/wp\/v2\/posts\/5308\/revisions"}],"predecessor-version":[{"id":5311,"href":"https:\/\/electpeterabbarno.com\/es\/wp-json\/wp\/v2\/posts\/5308\/revisions\/5311"}],"wp:attachment":[{"href":"https:\/\/electpeterabbarno.com\/es\/wp-json\/wp\/v2\/media?parent=5308"}],"wp:term":[{"taxonomy":"category","embeddable":true,"href":"https:\/\/electpeterabbarno.com\/es\/wp-json\/wp\/v2\/categories?post=5308"},{"taxonomy":"post_tag","embeddable":true,"href":"https:\/\/electpeterabbarno.com\/es\/wp-json\/wp\/v2\/tags?post=5308"}],"curies":[{"name":"wp","href":"https:\/\/api.w.org\/{rel}","templated":true}]}}