{"id":5348,"date":"2020-09-03T14:24:00","date_gmt":"2020-09-03T14:24:00","guid":{"rendered":"https:\/\/electpeterabbarno.com\/donde-esta-el-20o-distrito-legislativo-inscribete-para-votar-2\/"},"modified":"2025-06-02T17:07:12","modified_gmt":"2025-06-02T17:07:12","slug":"donde-esta-el-20o-distrito-legislativo-inscribete-para-votar-2","status":"publish","type":"post","link":"https:\/\/electpeterabbarno.com\/es\/donde-esta-el-20o-distrito-legislativo-inscribete-para-votar-2\/","title":{"rendered":"\u00bfD\u00f3nde est\u00e1 el 20\u00ba Distrito Legislativo? Inscr\u00edbete para votar"},"content":{"rendered":"\n<p><strong>El 20\u00ba Distrito Legislativo de Washington<\/strong> es uno de los cuarenta y nueve <a href=\"https:\/\/en.wikipedia.org\/wiki\/Electoral_district\">distritos<\/a> <a href=\"https:\/\/en.wikipedia.org\/wiki\/Washington_(state)\">del estado de Washington<\/a> con representaci\u00f3n en <a href=\"https:\/\/en.wikipedia.org\/wiki\/Washington_State_Legislature\">la legislatura estatal<\/a>. El distrito incluye una secci\u00f3n meridional <a href=\"https:\/\/en.wikipedia.org\/wiki\/Thurston_County,_Washington\">del condado de Thurston<\/a>, la mayor parte de los condados de <a href=\"https:\/\/en.wikipedia.org\/wiki\/Lewis_County,_Washington\">Lewis<\/a> y <a href=\"https:\/\/en.wikipedia.org\/wiki\/Cowlitz_County,_Washington\">Cowlitz<\/a>, y el extremo septentrional <a href=\"https:\/\/en.wikipedia.org\/wiki\/Clark_County,_Washington\">del condado de Clark<\/a>.<\/p>\n\n<h2 class=\"has-luminous-vivid-orange-color has-text-color has-text-align-center wp-block-heading\"><a href=\"https:\/\/app.leg.wa.gov\/districtfinder\/?fbclid=IwAR1OTr4Mal_H7a7LVk0-mPh9cBVUgifsqdkucuTIhmuzFO43UJNLwhimMm4\" target=\"_blank\" rel=\"noreferrer noopener\">Encuentra mi distrito<\/a><\/h2>\n\n<h2 class=\"has-luminous-vivid-orange-color has-text-color has-text-align-center wp-block-heading\"><a href=\"https:\/\/voter.votewa.gov\/WhereToVote.aspx\" target=\"_blank\" rel=\"noreferrer noopener\">Inscr\u00edbete para votar<\/a><\/h2>\n\n<h2 class=\"has-text-align-center wp-block-heading\"><a href=\"https:\/\/voter.votewa.gov\/WhereToVote.aspx\" target=\"_blank\" rel=\"noreferrer noopener\">\u00a1Actualiza tu Inscripci\u00f3n!<\/a><\/h2>\n\n<div class=\"wp-block-image\"><figure class=\"aligncenter size-large\"><img decoding=\"async\" src=\"https:\/\/i0.wp.com\/electpeterabbarno.com\/wp-content\/uploads\/2020\/05\/20th-LD-map.jpg?fit=700%2C541\" alt=\"\" class=\"wp-image-2264\"\/><figcaption>20\u00ba Distrito Legislativo de Washington<\/figcaption><\/figure><\/div>\n\n<h3 class=\"has-text-align-center wp-block-heading\"><a aria-label=\"Support, Donate, Join the Elect Peter Abbarno Victory Team (opens in a new tab)\" href=\"http:\/\/www.ElectPeterAbbarno.com\/contact\" target=\"_blank\" rel=\"noreferrer noopener\">Apoya, Dona, \u00danete al Equipo de la Victoria de Elige a Peter Abbarno<\/a><\/h3>\n\n<blockquote class=\"wp-block-quote is-style-default is-layout-flow wp-block-quote-is-layout-flow\"><p>Como m\u00ednimo, el 20\u00ba Distrito Legislativo es grande. He conducido desde Rochester y Tenino, en el condado de Thurston, hasta Woodland, en el condado de Clark, y pr\u00e1cticamente por todas partes para reunirme con empresarios, familias y futuros electores. Y lo har\u00e9 una y otra vez hasta el d\u00eda de las elecciones.  <\/p><p>El sentimiento abrumador expresado ha sido la frustraci\u00f3n por la situaci\u00f3n econ\u00f3mica actual y el deseo de liderazgo y de un plan para la recuperaci\u00f3n. Como propietario de una peque\u00f1a empresa y padre de familia, \u00a1estoy sintiendo muchas de las mismas frustraciones!   <\/p><p>Como tu Representante Estatal, mi prioridad es una recuperaci\u00f3n y reconstrucci\u00f3n econ\u00f3mica real, significativa y fiscalmente responsable que atienda las necesidades de los propietarios de peque\u00f1as empresas y de las familias trabajadoras.  <\/p><cite>Peter Abbarno, Candidato a la C\u00e1mara de Representantes del Estado en el 20\u00ba Distrito Legislativo.  <\/cite><\/blockquote>\n\n<h2 class=\"has-text-align-center wp-block-heading\"><a aria-label=\"Who has Endorsed Peter? (opens in a new tab)\" href=\"http:\/\/electpeterabbarno.com\/portfolio\/\" target=\"_blank\" rel=\"noreferrer noopener\">Apoyo a la Campa\u00f1a para Elegir a Peter Abbarno<\/a><\/h2>\n\n<p>Senador Estatal<strong> John Braun (R-20)<\/strong>; Representante Estatal <strong>Richard Debolt (R-20)<\/strong>; Representante Estatal <strong>Ed Orcutt (R-20)<\/strong>; L\u00edder Republicano de la C\u00e1mara <strong>JT Wilcox (R-2)<\/strong>; Representante Estatal <strong>Andrew Barkis (R-2)<\/strong>; Representante Estatal <strong>Jim Walsh (R-19)<\/strong>; y m\u00e1s de 30 cargos electos del 20\u00ba Distrito Legislativo, desde los condados de Thurston a Clark. . . .  <\/p>\n\n<div class=\"wp-block-jetpack-tiled-gallery is-style-rectangular\"><div class=\"tiled-gallery__gallery\"><div class=\"tiled-gallery__row\"><div class=\"tiled-gallery__col\" style=\"flex-basis:43.021845056245205%\"><figure class=\"tiled-gallery__item\"><img decoding=\"async\" alt=\"\" data-height=\"1084\" data-id=\"2265\" data-link=\"http:\/\/electpeterabbarno.com\/?attachment_id=2265\" data-url=\"http:\/\/electpeterabbarno.com\/wp-content\/uploads\/2020\/05\/Packwood-Campaign.jpg\" data-width=\"1184\" src=\"https:\/\/i1.wp.com\/electpeterabbarno.com\/wp-content\/uploads\/2020\/05\/Packwood-Campaign.jpg\" layout=\"responsive\"><\/figure><figure class=\"tiled-gallery__item\"><img decoding=\"async\" alt=\"\" data-height=\"1440\" data-id=\"2275\" data-link=\"http:\/\/electpeterabbarno.com\/?attachment_id=2275\" data-url=\"http:\/\/electpeterabbarno.com\/wp-content\/uploads\/2020\/05\/sign-6-scaled.jpg\" data-width=\"2560\" src=\"https:\/\/i2.wp.com\/electpeterabbarno.com\/wp-content\/uploads\/2020\/05\/sign-6-scaled.jpg\" layout=\"responsive\"><\/figure><\/div><div class=\"tiled-gallery__col\" style=\"flex-basis:56.97815494375479%\"><figure class=\"tiled-gallery__item\"><img decoding=\"async\" alt=\"\" data-height=\"2508\" data-id=\"2276\" data-link=\"http:\/\/electpeterabbarno.com\/?attachment_id=2276\" data-url=\"http:\/\/electpeterabbarno.com\/wp-content\/uploads\/2020\/05\/sign-7.jpg\" data-width=\"2228\" src=\"https:\/\/i1.wp.com\/electpeterabbarno.com\/wp-content\/uploads\/2020\/05\/sign-7.jpg\" layout=\"responsive\"><\/figure><\/div><\/div><div class=\"tiled-gallery__row\"><div class=\"tiled-gallery__col\" style=\"flex-basis:22.926913457814106%\"><figure class=\"tiled-gallery__item\"><img decoding=\"async\" alt=\"\" data-height=\"2560\" data-id=\"2274\" data-link=\"http:\/\/electpeterabbarno.com\/?attachment_id=2274\" data-url=\"http:\/\/electpeterabbarno.com\/wp-content\/uploads\/2020\/05\/sign-4-scaled.jpg\" data-width=\"1440\" src=\"https:\/\/i0.wp.com\/electpeterabbarno.com\/wp-content\/uploads\/2020\/05\/sign-4-scaled.jpg\" layout=\"responsive\"><\/figure><\/div><div class=\"tiled-gallery__col\" style=\"flex-basis:54.146173084371775%\"><figure class=\"tiled-gallery__item\"><img decoding=\"async\" alt=\"\" data-height=\"360\" data-id=\"2273\" data-link=\"http:\/\/electpeterabbarno.com\/?attachment_id=2273\" data-url=\"http:\/\/electpeterabbarno.com\/wp-content\/uploads\/2020\/05\/Wendy-Sign-1.jpg\" data-width=\"480\" src=\"https:\/\/i0.wp.com\/electpeterabbarno.com\/wp-content\/uploads\/2020\/05\/Wendy-Sign-1.jpg\" layout=\"responsive\"><\/figure><\/div><div class=\"tiled-gallery__col\" style=\"flex-basis:22.926913457814106%\"><figure class=\"tiled-gallery__item\"><img decoding=\"async\" alt=\"\" data-height=\"2560\" data-id=\"2271\" data-link=\"http:\/\/electpeterabbarno.com\/?attachment_id=2271\" data-url=\"http:\/\/electpeterabbarno.com\/wp-content\/uploads\/2020\/05\/sign-2-scaled.jpg\" data-width=\"1440\" src=\"https:\/\/i0.wp.com\/electpeterabbarno.com\/wp-content\/uploads\/2020\/05\/sign-2-scaled.jpg\" layout=\"responsive\"><\/figure><\/div><\/div><div class=\"tiled-gallery__row\"><div class=\"tiled-gallery__col\" style=\"flex-basis:68.78804124572258%\"><figure class=\"tiled-gallery__item\"><img decoding=\"async\" alt=\"\" data-height=\"1754\" data-id=\"2270\" data-link=\"http:\/\/electpeterabbarno.com\/?attachment_id=2270\" data-url=\"http:\/\/electpeterabbarno.com\/wp-content\/uploads\/2020\/05\/sign-1-scaled.jpg\" data-width=\"2560\" src=\"https:\/\/i1.wp.com\/electpeterabbarno.com\/wp-content\/uploads\/2020\/05\/sign-1-scaled.jpg\" layout=\"responsive\"><\/figure><\/div><div class=\"tiled-gallery__col\" style=\"flex-basis:31.211958754277408%\"><figure class=\"tiled-gallery__item\"><img decoding=\"async\" alt=\"\" data-height=\"480\" data-id=\"2269\" data-link=\"http:\/\/electpeterabbarno.com\/?attachment_id=2269\" data-url=\"http:\/\/electpeterabbarno.com\/wp-content\/uploads\/2020\/05\/sign-3.jpeg\" data-width=\"640\" src=\"https:\/\/i1.wp.com\/electpeterabbarno.com\/wp-content\/uploads\/2020\/05\/sign-3.jpeg\" layout=\"responsive\"><\/figure><figure class=\"tiled-gallery__item\"><img decoding=\"async\" alt=\"\" data-height=\"480\" data-id=\"2268\" data-link=\"http:\/\/electpeterabbarno.com\/?attachment_id=2268\" data-url=\"http:\/\/electpeterabbarno.com\/wp-content\/uploads\/2020\/05\/sign-5.jpeg\" data-width=\"640\" src=\"https:\/\/i2.wp.com\/electpeterabbarno.com\/wp-content\/uploads\/2020\/05\/sign-5.jpeg\" layout=\"responsive\"><\/figure><\/div><\/div><div class=\"tiled-gallery__row\"><div class=\"tiled-gallery__col\" style=\"flex-basis:50.026814051579784%\"><figure class=\"tiled-gallery__item\"><img decoding=\"async\" alt=\"\" data-height=\"588\" data-id=\"2267\" data-link=\"http:\/\/electpeterabbarno.com\/?attachment_id=2267\" data-url=\"http:\/\/electpeterabbarno.com\/wp-content\/uploads\/2020\/05\/Spencer-Meeting-2.jpg\" data-width=\"768\" src=\"https:\/\/i0.wp.com\/electpeterabbarno.com\/wp-content\/uploads\/2020\/05\/Spencer-Meeting-2.jpg\" layout=\"responsive\"><\/figure><\/div><div class=\"tiled-gallery__col\" style=\"flex-basis:49.97318594842021%\"><figure class=\"tiled-gallery__item\"><img decoding=\"async\" alt=\"\" data-height=\"827\" data-id=\"1441\" data-link=\"http:\/\/electpeterabbarno.com\/abbarno-meets-with-kalama-city-councilors-to-discuss-local-issues-and-solutions\/kalama-meeting-with-merz-and-kallio\/\" data-url=\"http:\/\/electpeterabbarno.com\/wp-content\/uploads\/2020\/02\/Kalama-Meeting-with-Merz-and-Kallio.jpg\" data-width=\"1079\" src=\"https:\/\/i0.wp.com\/electpeterabbarno.com\/wp-content\/uploads\/2020\/02\/Kalama-Meeting-with-Merz-and-Kallio.jpg\" layout=\"responsive\"><\/figure><\/div><\/div><\/div><\/div>\n\n<h1 class=\"has-text-align-center wp-block-heading\">Fechas de las Elecciones Generales  <\/h1>\n\n<figure class=\"wp-block-table\"><table><tbody><tr><td>16 de octubre  <\/td><td>Comienza el periodo de votaci\u00f3n de 18 d\u00edas (hasta el d\u00eda de las elecciones). Las papeletas se env\u00edan por correo y las Unidades de Voto Accesibles (AVU) est\u00e1n disponibles en los centros de votaci\u00f3n. <\/td><\/tr><tr><td>26 de octubre<\/td><td>Las inscripciones por Internet y por correo deben recibirse 8 d\u00edas antes del d\u00eda de las elecciones. Inscr\u00edbete para votar en persona durante el horario comercial y en cualquier momento antes de las 20.00 horas del d\u00eda de las elecciones. <\/td><\/tr><tr><td>3 de noviembre<\/td><td>Fecha l\u00edmite para inscribirse o actualizar el censo electoral del Estado de Washington (s\u00f3lo en persona).<\/td><\/tr><tr><td><strong>3 de noviembre<\/strong><\/td><td><strong><strong>Elecciones Generales<\/strong> &#8211; Deposita tu papeleta en un buz\u00f3n oficial antes de las 20.00 horas del d\u00eda de las elecciones.<\/strong><\/td><\/tr><\/tbody><\/table><\/figure>\n\n<h2 class=\"has-text-align-center wp-block-heading\"><a href=\"http:\/\/www.electpeterabbarno.com\/contact\" target=\"_blank\" rel=\"noreferrer noopener\">Apoya &#8211; \u00danete &#8211; Vota<\/a><\/h2>\n\n<figure class=\"wp-block-image size-large\"><img decoding=\"async\" src=\"http:\/\/electpeterabbarno.com\/wp-content\/uploads\/2020\/05\/peter-_logo_FB_w_ID-1024x400.jpg\" alt=\"\" class=\"wp-image-2279\"\/><figcaption>www.ElectPeterAbbarno.com<\/figcaption><\/figure>\n","protected":false},"excerpt":{"rendered":"<p>El 20\u00ba Distrito Legislativo de Washington es uno de los cuarenta y nueve distritos del estado de Washington con representaci\u00f3n en la legislatura estatal. El distrito incluye una secci\u00f3n meridional del condado de Thurston, la mayor parte de los condados de Lewis y Cowlitz, y el extremo septentrional del condado de Clark. Encuentra mi distrito [&hellip;]<\/p>\n","protected":false},"author":2,"featured_media":0,"comment_status":"closed","ping_status":"open","sticky":false,"template":"","format":"standard","meta":{"_et_pb_use_builder":"","_et_pb_old_content":"","_et_gb_content_width":"","footnotes":""},"categories":[381],"tags":[],"class_list":["post-5348","post","type-post","status-publish","format-standard","hentry","category-elegir-a-peter-abbarno"],"_links":{"self":[{"href":"https:\/\/electpeterabbarno.com\/es\/wp-json\/wp\/v2\/posts\/5348","targetHints":{"allow":["GET"]}}],"collection":[{"href":"https:\/\/electpeterabbarno.com\/es\/wp-json\/wp\/v2\/posts"}],"about":[{"href":"https:\/\/electpeterabbarno.com\/es\/wp-json\/wp\/v2\/types\/post"}],"author":[{"embeddable":true,"href":"https:\/\/electpeterabbarno.com\/es\/wp-json\/wp\/v2\/users\/2"}],"replies":[{"embeddable":true,"href":"https:\/\/electpeterabbarno.com\/es\/wp-json\/wp\/v2\/comments?post=5348"}],"version-history":[{"count":1,"href":"https:\/\/electpeterabbarno.com\/es\/wp-json\/wp\/v2\/posts\/5348\/revisions"}],"predecessor-version":[{"id":5351,"href":"https:\/\/electpeterabbarno.com\/es\/wp-json\/wp\/v2\/posts\/5348\/revisions\/5351"}],"wp:attachment":[{"href":"https:\/\/electpeterabbarno.com\/es\/wp-json\/wp\/v2\/media?parent=5348"}],"wp:term":[{"taxonomy":"category","embeddable":true,"href":"https:\/\/electpeterabbarno.com\/es\/wp-json\/wp\/v2\/categories?post=5348"},{"taxonomy":"post_tag","embeddable":true,"href":"https:\/\/electpeterabbarno.com\/es\/wp-json\/wp\/v2\/tags?post=5348"}],"curies":[{"name":"wp","href":"https:\/\/api.w.org\/{rel}","templated":true}]}}