{"id":5408,"date":"2020-03-25T08:06:23","date_gmt":"2020-03-25T08:06:23","guid":{"rendered":"https:\/\/electpeterabbarno.com\/alivio-de-facturas-de-servicios-publicos-en-centralia\/"},"modified":"2025-06-02T17:07:51","modified_gmt":"2025-06-02T17:07:51","slug":"alivio-de-facturas-de-servicios-publicos-en-centralia","status":"publish","type":"post","link":"https:\/\/electpeterabbarno.com\/es\/alivio-de-facturas-de-servicios-publicos-en-centralia\/","title":{"rendered":"Alivio de facturas de servicios p\u00fablicos en Centralia"},"content":{"rendered":"\n<p>25 de marzo- Anoche, un d\u00eda antes del vencimiento de las facturas de servicios p\u00fablicos, la ciudad de Centralia aprob\u00f3 una moci\u00f3n para modificar las pol\u00edticas de facturaci\u00f3n y cobro de servicios p\u00fablicos en respuesta a la crisis de COVID-19.  <\/p>\n\n<p>Aunque es posible que se produzcan m\u00e1s cambios, se aprobaron las siguientes enmiendas (7-0):<\/p>\n\n<ul class=\"wp-block-list\"><li><strong>Suspende temporalmente los recargos por demora para clientes residenciales y peque\u00f1os comercios.<\/strong><\/li><li><strong>A los peque\u00f1os clientes comerciales a los que el estado obligue a cerrar su negocio se les ofrecer\u00e1 la opci\u00f3n de pagar el 50% del saldo de su factura de servicios p\u00fablicos adeudado hasta el 1 de julio de 2020. La cuenta tendr\u00e1 que estar pagada en su totalidad o tener un pago establecido antes del 26 de julio de 2020 para evitar sanciones e intereses. M\u00e1s detalles pr\u00f3ximamente.  <\/strong><\/li><li><strong>Los peque\u00f1os clientes comerciales no ser\u00e1n enviados a recogida durante la emergencia declarada COVID-19.<\/strong><\/li><\/ul>\n\n<blockquote class=\"wp-block-quote is-style-large is-layout-flow wp-block-quote-is-layout-flow\"><p>Las personas, familias y empresas de nuestra comunidad necesitar\u00e1n ayuda para recuperarse de esta crisis. Teniendo en cuenta que la ciudad no conoce todas las repercusiones econ\u00f3micas, las pol\u00edticas modificadas fueron un primer paso bien recibido y dan a los clientes de los servicios p\u00fablicos de Centralia y a la ciudad la oportunidad de respirar hondo, evaluar la situaci\u00f3n y considerar otras medidas de alivio antes de nuestra pr\u00f3xima reuni\u00f3n, dentro de tres semanas. <\/p><cite>Peter Abbarno, Alcalde interino de Centralia<\/cite><\/blockquote>\n\n<p>M\u00e1s informaci\u00f3n en www.CityofCentralia.com<\/p>\n","protected":false},"excerpt":{"rendered":"<p>25 de marzo- Anoche, un d\u00eda antes del vencimiento de las facturas de servicios p\u00fablicos, la ciudad de Centralia aprob\u00f3 una moci\u00f3n para modificar las pol\u00edticas de facturaci\u00f3n y cobro de servicios p\u00fablicos en respuesta a la crisis de COVID-19. Aunque es posible que se produzcan m\u00e1s cambios, se aprobaron las siguientes enmiendas (7-0): Suspende [&hellip;]<\/p>\n","protected":false},"author":2,"featured_media":0,"comment_status":"closed","ping_status":"open","sticky":false,"template":"","format":"standard","meta":{"_et_pb_use_builder":"","_et_pb_old_content":"","_et_gb_content_width":"","footnotes":""},"categories":[448],"tags":[],"class_list":["post-5408","post","type-post","status-publish","format-standard","hentry","category-ayuntamiento"],"_links":{"self":[{"href":"https:\/\/electpeterabbarno.com\/es\/wp-json\/wp\/v2\/posts\/5408","targetHints":{"allow":["GET"]}}],"collection":[{"href":"https:\/\/electpeterabbarno.com\/es\/wp-json\/wp\/v2\/posts"}],"about":[{"href":"https:\/\/electpeterabbarno.com\/es\/wp-json\/wp\/v2\/types\/post"}],"author":[{"embeddable":true,"href":"https:\/\/electpeterabbarno.com\/es\/wp-json\/wp\/v2\/users\/2"}],"replies":[{"embeddable":true,"href":"https:\/\/electpeterabbarno.com\/es\/wp-json\/wp\/v2\/comments?post=5408"}],"version-history":[{"count":1,"href":"https:\/\/electpeterabbarno.com\/es\/wp-json\/wp\/v2\/posts\/5408\/revisions"}],"predecessor-version":[{"id":5410,"href":"https:\/\/electpeterabbarno.com\/es\/wp-json\/wp\/v2\/posts\/5408\/revisions\/5410"}],"wp:attachment":[{"href":"https:\/\/electpeterabbarno.com\/es\/wp-json\/wp\/v2\/media?parent=5408"}],"wp:term":[{"taxonomy":"category","embeddable":true,"href":"https:\/\/electpeterabbarno.com\/es\/wp-json\/wp\/v2\/categories?post=5408"},{"taxonomy":"post_tag","embeddable":true,"href":"https:\/\/electpeterabbarno.com\/es\/wp-json\/wp\/v2\/tags?post=5408"}],"curies":[{"name":"wp","href":"https:\/\/api.w.org\/{rel}","templated":true}]}}